{"id":3036,"date":"2026-04-29T15:28:07","date_gmt":"2026-04-29T15:28:07","guid":{"rendered":"https:\/\/www.adsretail.net\/?p=3036"},"modified":"2026-04-29T15:28:07","modified_gmt":"2026-04-29T15:28:07","slug":"veritas-abrira-un-nuevo-supermercado-en-figueres","status":"publish","type":"post","link":"https:\/\/www.adsretail.net\/ca\/veritas-abrira-un-nuevo-supermercado-en-figueres\/","title":{"rendered":"Veritas obrir\u00e0 un nou supermercat a Figueres"},"content":{"rendered":"<h2 class=\"wp-block-heading\">La cadena espanyola l\u00edder del mercat ecol\u00f2gic ocupar\u00e0 una planta baixa de m\u00e9s de 500 metres quadrats, i queda lliure la primera planta, amb la mateixa superf\u00edcie<\/h2>\n\n\n\n<p><strong>Barcelona, 22 d'abril del 2026.<\/strong>- Veritas, cadena espanyola l\u00edder del mercat ecol\u00f2gic, obrir\u00e0 un nou establiment a l'avinguda de Roses de Figueres (Girona) despr\u00e9s d'haver aconseguit un acord promogut per AdS Retail Real Estate. Aquesta nova obertura s'emmarca en el pla d'expansi\u00f3 de la companyia, que preveu superar els 100 punts de venda aquest any.<\/p>\n\n\n\n<p>El local estava arrendat a CASA, cadena europea de decoraci\u00f3 i articles per a la llar.\u00a0<em>\"Vam tenir coneixement que CASA havia entrat en concurs de creditors i abandonaria pr\u00f2ximament el local. Tamb\u00e9 sab\u00edem que diversos operadors estaven interessats en la zona, entre ells Veritas, per la qual cosa vam contactar immediatament amb la propietat de l'immoble per intentar arribar a un acord\"<\/em>, emmarca el CEO de AdS Retail Real Estate, Josep M\u00aa L\u00f3pez Carballo.<\/p>\n\n\n\n<figure class=\"wp-block-image size-large\"><img fetchpriority=\"high\" decoding=\"async\" width=\"1024\" height=\"659\" src=\"https:\/\/www.adsretail.net\/wp-content\/uploads\/2026\/04\/image-1024x659.jpeg\" alt=\"\" class=\"wp-image-3037\" srcset=\"https:\/\/www.adsretail.net\/wp-content\/uploads\/2026\/04\/image-1024x659.jpeg 1024w, https:\/\/www.adsretail.net\/wp-content\/uploads\/2026\/04\/image-300x193.jpeg 300w, https:\/\/www.adsretail.net\/wp-content\/uploads\/2026\/04\/image-768x494.jpeg 768w, https:\/\/www.adsretail.net\/wp-content\/uploads\/2026\/04\/image-18x12.jpeg 18w, https:\/\/www.adsretail.net\/wp-content\/uploads\/2026\/04\/image.jpeg 1286w\" sizes=\"(max-width: 1024px) 100vw, 1024px\" \/><figcaption class=\"wp-element-caption\"><em>Imatge interior d'un supermercat de Veritas<\/em><\/figcaption><\/figure>\n\n\n\n<p><em>\"Vam comen\u00e7ar aix\u00ed la comercialitzaci\u00f3 i, despr\u00e9s d'analitzar l'oportunitat, Veritas va mostrar el seu inter\u00e8s i va confirmar que tant el local com la ubicaci\u00f3 encaixaven amb la seva estrat\u00e8gia d'expansi\u00f3\"<\/em>, valora L\u00f3pez Carballo. Es tracta d'un local distribu\u00eft en dues plantes i el supermercat ocupar\u00e0 \u00fanicament la planta baixa, d'uns 540 metres quadrats. La primera planta, amb la mateixa superf\u00edcie, queda actualment lliure i disponible.&nbsp;<em>\"\u00c9s una gran ocasi\u00f3 per estar al costat d'un operador molt reconegut\"<\/em>, afegeix.<\/p>\n\n\n\n<p>En un context similar, AdS Retail Real Estate ha arribat molt recentment a un segon acord. La cadena CASA tamb\u00e9 es veia obligada a tancar la seva botiga de 600 metres quadrats situada a la concentraci\u00f3 comercial de Les Gavarres de Tarragona.&nbsp;<em>\"Com ten\u00edem el contacte directe amb la propietat del local, vam iniciar amb antelaci\u00f3 el proc\u00e9s de comercialitzaci\u00f3 de l'immoble amb l'objectiu d'evitar un per\u00edode sense ingressos i poder avan\u00e7ar amb la signatura una vegada qued\u00e9s disponible\"<\/em>, explica Josep M\u00aa L\u00f3pez Carballo.<\/p>\n\n\n\n<p>Despr\u00e9s de valorar l'inter\u00e8s de diversos operadors, finalment s'arriba a un acord amb Mobles Chima, empresa espanyola dedicada al comer\u00e7 minorista i articles per a la llar i que entre les seves marques es troba Galeries del Tresillo.<\/p>\n\n\n\n<p><em>\"Estem molt contents amb aquests dos nous acords, que reafirmen el nostres comprom\u00eds amb les estrat\u00e8gies d'expansi\u00f3 d'aquestes companyies i, a l'hora, amb els propietaris de locals. En tots dos casos hem aconseguit r\u00e0pidament dos nous inquilins despr\u00e9s d'un client que havia entrat en concurs de creditors, evitant aix\u00ed una situaci\u00f3 complicada pels propietaris dels locals\"<\/em>, conclou el CEO de AdS Retail Real Estate.<\/p>\n\n\n\n<figure class=\"wp-block-table\"><table class=\"has-fixed-layout\"><tbody><tr><td><strong>Sobre Veritas<\/strong><\/td><\/tr><tr><td>Grupo Veritas \u00e9s la cadena de supermercats l\u00edder en comprom\u00eds amb la salut de les persones i la sostenibilitat a Espanya. Des de la seva fundaci\u00f3 en 2002 a Barcelona, amb l'objectiu d'acostar la millor alimentaci\u00f3 possible a tothom, ja compta amb 95 botigues, a m\u00e9s de la botiga en l\u00ednia, amb les quals dona servei a m\u00e9s de 250.000 fam\u00edlies, a Catalunya, Pa\u00eds Basc, Navarra, Illes Balears, Madrid, Andorra, Comunitat Valenciana, Andalusia i Gal\u00edcia. Veritas elabora el pa, la brioixeria i els plats llestos per a menjar ecol\u00f2gics que venen a les botigues. Des de la filial Veritas Food Service, el grup distribueix a col\u00b7lectius com escoles, hospitals i empreses, i a hotels i restaurants, a tota la Pen\u00ednsula i Balears. Amb m\u00e9s de 6.000 productes, Veritas \u00e9s pionera en la introducci\u00f3 de productes con certificat ecol\u00f2gic.<\/td><\/tr><tr><td><a href=\"https:\/\/www.veritas.es\/\" target=\"_blank\" rel=\"noreferrer noopener\">https:\/\/www.veritas.es<\/a><\/td><\/tr><\/tbody><\/table><\/figure>","protected":false},"excerpt":{"rendered":"<p>Veritas, nou establiment a Figueres (Girona)<\/p>","protected":false},"author":1,"featured_media":3040,"comment_status":"closed","ping_status":"open","sticky":false,"template":"","format":"standard","meta":{"footnotes":""},"categories":[8,4,3,10],"tags":[],"class_list":["post-3036","post","type-post","status-publish","format-standard","has-post-thumbnail","hentry","category-articles","category-articulos","category-noticias","category-news"],"aioseo_notices":[],"_links":{"self":[{"href":"https:\/\/www.adsretail.net\/ca\/wp-json\/wp\/v2\/posts\/3036","targetHints":{"allow":["GET"]}}],"collection":[{"href":"https:\/\/www.adsretail.net\/ca\/wp-json\/wp\/v2\/posts"}],"about":[{"href":"https:\/\/www.adsretail.net\/ca\/wp-json\/wp\/v2\/types\/post"}],"author":[{"embeddable":true,"href":"https:\/\/www.adsretail.net\/ca\/wp-json\/wp\/v2\/users\/1"}],"replies":[{"embeddable":true,"href":"https:\/\/www.adsretail.net\/ca\/wp-json\/wp\/v2\/comments?post=3036"}],"version-history":[{"count":2,"href":"https:\/\/www.adsretail.net\/ca\/wp-json\/wp\/v2\/posts\/3036\/revisions"}],"predecessor-version":[{"id":3041,"href":"https:\/\/www.adsretail.net\/ca\/wp-json\/wp\/v2\/posts\/3036\/revisions\/3041"}],"wp:featuredmedia":[{"embeddable":true,"href":"https:\/\/www.adsretail.net\/ca\/wp-json\/wp\/v2\/media\/3040"}],"wp:attachment":[{"href":"https:\/\/www.adsretail.net\/ca\/wp-json\/wp\/v2\/media?parent=3036"}],"wp:term":[{"taxonomy":"category","embeddable":true,"href":"https:\/\/www.adsretail.net\/ca\/wp-json\/wp\/v2\/categories?post=3036"},{"taxonomy":"post_tag","embeddable":true,"href":"https:\/\/www.adsretail.net\/ca\/wp-json\/wp\/v2\/tags?post=3036"}],"curies":[{"name":"wp","href":"https:\/\/api.w.org\/{rel}","templated":true}]}}