{"id":3027,"date":"2026-01-20T10:41:52","date_gmt":"2026-01-20T10:41:52","guid":{"rendered":"https:\/\/www.adsretail.net\/?p=3027"},"modified":"2026-01-20T10:53:27","modified_gmt":"2026-01-20T10:53:27","slug":"ads-retail-real-estate-estrena-el-ano-con-dos-nuevos-acuerdos","status":"publish","type":"post","link":"https:\/\/www.adsretail.net\/ca\/ads-retail-real-estate-estrena-el-ano-con-dos-nuevos-acuerdos\/","title":{"rendered":"AdS Retail Real Estate estrena l\u2019any amb dos nous acords"},"content":{"rendered":"<h3 class=\"wp-block-heading\"><strong>S\u2019aconsegueix un nou contracte de lloguer per a Carrefour Express a Badalona (Barcelona)<\/strong><\/h3>\n\n\n\n<h3 class=\"wp-block-heading\"><strong>Qu\u00e8 Bo \u00c9s obrir\u00e0 el seu segon establiment a El Pallol de Reus (Tarragona)<\/strong><\/h3>\n\n\n\n<p><strong>Barcelona, 20 de gener del 2026<\/strong> - AdS Retail Real Estate estrena aquest any 2026 amb l\u2019anunci de dos nous acords: un sobre un contracte de lloguer per a Carrefour Express a Badalona (Barcelona) i un altre per a una pr\u00f2xima obertura de Qu\u00e8 Bo \u00c9s a El Pallol de Reus (Tarragona).<\/p>\n\n\n\n<p>Carrefour Express ser\u00e0 el titular d\u2019un nou contracte d\u2019arrendament per al lloguer del local situat en el n\u00famero 105 de la Rambla Sant Joan de Badalona despr\u00e9s d\u2019un acord impulsat per AdS Real Estate. El supermercat, a trav\u00e9s d\u2019 una franqu\u00edcia, ja ocupava una part d\u2019aquest local, que fins ara era de titularitat d\u2019una cadena de carnisseries que havia entrat en concurs de creditors.<\/p>\n\n\n\n<p>\u201cEl propietari del local ens va avisar amb antelaci\u00f3 de la delicada situaci\u00f3 del seu inquil\u00ed, aquesta cadena de carnisseries que es veia obligada a abandonar els seus establiments per la situaci\u00f3 econ\u00f2mica. Ens vam posar r\u00e0pidament a treballar per a evitar un per\u00edode sense ingressos i vam gestionar el canvi perqu\u00e8 Carrefour Express fos el titular\u201d, explica el CEO de AdS Retail Real Estate, Josep M\u00aa L\u00f3pez Carballo.<\/p>\n\n\n\n<figure class=\"wp-block-image size-large\"><img fetchpriority=\"high\" decoding=\"async\" width=\"1024\" height=\"677\" src=\"https:\/\/www.adsretail.net\/wp-content\/uploads\/2026\/01\/cover-1024x677.jpeg\" alt=\"\" class=\"wp-image-3028\" srcset=\"https:\/\/www.adsretail.net\/wp-content\/uploads\/2026\/01\/cover-1024x677.jpeg 1024w, https:\/\/www.adsretail.net\/wp-content\/uploads\/2026\/01\/cover-300x198.jpeg 300w, https:\/\/www.adsretail.net\/wp-content\/uploads\/2026\/01\/cover-768x508.jpeg 768w, https:\/\/www.adsretail.net\/wp-content\/uploads\/2026\/01\/cover-18x12.jpeg 18w, https:\/\/www.adsretail.net\/wp-content\/uploads\/2026\/01\/cover.jpeg 1412w\" sizes=\"(max-width: 1024px) 100vw, 1024px\" \/><figcaption class=\"wp-element-caption\">Imatge interior d\u2019un establiment Carrefour Express.<\/figcaption><\/figure>\n\n\n\n<p>Es tracta d\u2019un local de m\u00e9s de 500 metres quadrats i \u201chem aconseguit coordinar una transici\u00f3 molt profitosa per a totes les parts. Estem molt contents amb aquest acord, que ha perm\u00e8s una molt bona soluci\u00f3 per al propietari i tamb\u00e9 per a Carrefour Express\u201d, valora de forma positiva Josep M\u00aa L\u00f3pez Carballo.<\/p>\n\n\n\n<p>D\u2019altra banda, Qu\u00e9 Bo \u00c9s obrir\u00e0 un nou establiment de restauraci\u00f3 a El Pallol de Reus. \u00c9s el seu segon local, despr\u00e9s del bon acolliment que ha tingut a Les Gavarres (Tarragona). El nou local, d\u2019uns 260 metres quadrats, est\u00e0 situat just al costat del&nbsp;<a href=\"https:\/\/www.adsretail.net\/ca\/nuevo-acuerdo-con-sibuya-urban-sushi\/\">restaurant Sibuya, l\u2019acord del qual tamb\u00e9 va gestionar AdS Retail<\/a>. De fet, era un \u00fanic local i \u201cl\u2019operaci\u00f3 de Sibuya va implicar la divisi\u00f3 de l\u2019espai en dos locals, i va quedar pendent de dinamitzar el segon, que ara ocupar\u00e0 Qu\u00e9 Bo \u00c9s\u201d, explica L\u00f3pez Carballo.<\/p>\n\n\n\n<p>\u201cHa estat un proc\u00e9s de diversos mesos de treball, amb visites i reunions, fins a aconseguir un acord equilibrat que ha encaixat i ha aportat valor a totes les parts. Estem molt contents de participar en l\u2019expansi\u00f3 de Qu\u00e9 Bo \u00c9s i tamb\u00e9 de continuar dinamitzant aquest passeig comercial de Reus\u201d, conclou.<\/p>\n\n\n\n<p>Arranquem aquest 2026 amb moltes ganes i entusiasme per la nostra feina! Esperem que vosaltres tamb\u00e9!<\/p>\n\n\n\n<figure class=\"wp-block-table\"><table class=\"has-fixed-layout\"><tbody><tr><td><strong>Carrefour Express<\/strong><\/td><\/tr><tr><td>Carrefour Express \u00e9s un supermercat de proximitat que mant\u00e9 tots els valors i l\u2019ess\u00e8ncia del Grup, adaptat a superf\u00edcies m\u00e9s redu\u00efdes. Neix del desig del Grup d\u2019adaptar els avantatges del seu model tradicional a formats comercials m\u00e9s pr\u00f2xims al consumidor.<\/td><\/tr><tr><td><a href=\"https:\/\/www.carrefour.es\/\" target=\"_blank\" rel=\"noreferrer noopener\">https:\/\/www.carrefour.es<\/a><\/td><\/tr><\/tbody><\/table><\/figure>\n\n\n\n<figure class=\"wp-block-table\"><table class=\"has-fixed-layout\"><tbody><tr><td><strong>Qu\u00e9 Bo \u00c9s<\/strong><\/td><\/tr><tr><td>Establiment de restauraci\u00f3 amb una gran oferta de menjar, entrepans, hamburgueses, plats combinats, dol\u00e7os i esmorzars. Compta amb un local a Les Gavarres, a Tarragona. I pr\u00f2ximament obrir\u00e0 el seu segon local a El Pallol de Reus.<\/td><\/tr><tr><td><a href=\"https:\/\/www.queboes.com\/\" target=\"_blank\" rel=\"noreferrer noopener\">https:\/\/www.queboes.com<\/a><\/td><\/tr><\/tbody><\/table><\/figure>\n\n\n\n<p><\/p>","protected":false},"excerpt":{"rendered":"<p>AdS Retail Real Estate estrena aquest any 2026 amb l\u2019anunci de dos nous acords<\/p>","protected":false},"author":1,"featured_media":3029,"comment_status":"closed","ping_status":"open","sticky":false,"template":"","format":"standard","meta":{"footnotes":""},"categories":[8,4,11,9,12,3,10],"tags":[],"class_list":["post-3027","post","type-post","status-publish","format-standard","has-post-thumbnail","hentry","category-articles","category-articulos","category-ventas","category-general","category-inauguraciones","category-noticias","category-news"],"aioseo_notices":[],"_links":{"self":[{"href":"https:\/\/www.adsretail.net\/ca\/wp-json\/wp\/v2\/posts\/3027","targetHints":{"allow":["GET"]}}],"collection":[{"href":"https:\/\/www.adsretail.net\/ca\/wp-json\/wp\/v2\/posts"}],"about":[{"href":"https:\/\/www.adsretail.net\/ca\/wp-json\/wp\/v2\/types\/post"}],"author":[{"embeddable":true,"href":"https:\/\/www.adsretail.net\/ca\/wp-json\/wp\/v2\/users\/1"}],"replies":[{"embeddable":true,"href":"https:\/\/www.adsretail.net\/ca\/wp-json\/wp\/v2\/comments?post=3027"}],"version-history":[{"count":3,"href":"https:\/\/www.adsretail.net\/ca\/wp-json\/wp\/v2\/posts\/3027\/revisions"}],"predecessor-version":[{"id":3034,"href":"https:\/\/www.adsretail.net\/ca\/wp-json\/wp\/v2\/posts\/3027\/revisions\/3034"}],"wp:featuredmedia":[{"embeddable":true,"href":"https:\/\/www.adsretail.net\/ca\/wp-json\/wp\/v2\/media\/3029"}],"wp:attachment":[{"href":"https:\/\/www.adsretail.net\/ca\/wp-json\/wp\/v2\/media?parent=3027"}],"wp:term":[{"taxonomy":"category","embeddable":true,"href":"https:\/\/www.adsretail.net\/ca\/wp-json\/wp\/v2\/categories?post=3027"},{"taxonomy":"post_tag","embeddable":true,"href":"https:\/\/www.adsretail.net\/ca\/wp-json\/wp\/v2\/tags?post=3027"}],"curies":[{"name":"wp","href":"https:\/\/api.w.org\/{rel}","templated":true}]}}